{"id":1588234,"date":"2018-04-09T00:00:00","date_gmt":"2018-04-09T04:00:00","guid":{"rendered":"https:\/\/divine.ca\/?p=1588234"},"modified":"2020-04-13T16:28:57","modified_gmt":"2020-04-13T20:28:57","slug":"10-comptes-instagram-colores-a-suivre","status":"publish","type":"post","link":"https:\/\/divine.ca\/fr\/10-comptes-instagram-colores-a-suivre\/","title":{"rendered":"10 comptes Instagram color\u00e9s \u00e0 suivre!"},"content":{"rendered":"<p class=\"p1\">Avec le printemps qui tarde \u00e0 se montrer le bout du nez, on a grand\u00a0besoin de couleur dans notre vie. Instragram est fait pour nous inspirer et ces comptes sont exactement l\u00e0 pour \u00e7a. On a trouv\u00e9 quelques\u00a0<em>feed<\/em>\u00a0dont les couleurs splendides vous feront r\u00eaver, voici la liste!<\/p>\n<h3 id=\"1-lapetitenoob\">1. @Lapetitenoob<\/h3>\n<blockquote class=\"instagram-media\" style=\"background: #FFF; border: 0; border-radius: 3px; box-shadow: 0 0 1px 0 rgba(0,0,0,0.5),0 1px 10px 0 rgba(0,0,0,0.15); margin: 1px; max-width: 658px; padding: 0; width: calc(100% - 2px);\" data-instgrm-permalink=\"https:\/\/www.instagram.com\/p\/Bf3fIJ8jfMo\/\" data-instgrm-version=\"8\">\n<div style=\"padding: 8px;\">\n<div style=\"background: #F8F8F8; line-height: 0; margin-top: 40px; padding: 62.5% 0; text-align: center; width: 100%;\"><\/div>\n<p style=\"color: #c9c8cd; font-family: Arial,sans-serif; font-size: 14px; line-height: 17px; margin-bottom: 0; margin-top: 8px; overflow: hidden; padding: 8px 0 7px; text-align: center; text-overflow: ellipsis; white-space: nowrap;\"><a style=\"color: #c9c8cd; font-family: Arial,sans-serif; font-size: 14px; font-style: normal; font-weight: normal; line-height: 17px; text-decoration: none;\" href=\"https:\/\/www.instagram.com\/p\/Bf3fIJ8jfMo\/\" target=\"_blank\" rel=\"noopener noreferrer\">Une publication partag\u00e9e par Jo\u00eblle Anello ????Toronto (@lapetitenoob)<\/a> le <time style=\"font-family: Arial,sans-serif; font-size: 14px; line-height: 17px;\" datetime=\"2018-03-03T15:59:41+00:00\">3 Mars 2018 \u00e0 7\u00a0:59 PST<\/time><\/p>\n<\/div>\n<\/blockquote>\n<p><script async defer src=\"\/\/www.instagram.com\/embed.js\"><\/script><br \/>\nJo\u00eblle Anello alias lapetitenoob est une Youtubeuse de Toronto, elle adore et ne vit que pour le rose. Son Instagram est un \u00e9ventail de nuancesde rose, un vrai paradis <em>girly<\/em>!<\/p>\n<h3 id=\"2-heymaca\">2. @heymaca<\/h3>\n<blockquote class=\"instagram-media\" style=\"background: #FFF; border: 0; border-radius: 3px; box-shadow: 0 0 1px 0 rgba(0,0,0,0.5),0 1px 10px 0 rgba(0,0,0,0.15); margin: 1px; max-width: 658px; padding: 0; width: calc(100% - 2px);\" data-instgrm-permalink=\"https:\/\/www.instagram.com\/p\/BfzZiv-Agmx\/\" data-instgrm-version=\"8\">\n<div style=\"padding: 8px;\">\n<div style=\"background: #F8F8F8; line-height: 0; margin-top: 40px; padding: 57.5462962962963% 0; text-align: center; width: 100%;\"><\/div>\n<p style=\"color: #c9c8cd; font-family: Arial,sans-serif; font-size: 14px; line-height: 17px; margin-bottom: 0; margin-top: 8px; overflow: hidden; padding: 8px 0 7px; text-align: center; text-overflow: ellipsis; white-space: nowrap;\"><a style=\"color: #c9c8cd; font-family: Arial,sans-serif; font-size: 14px; font-style: normal; font-weight: normal; line-height: 17px; text-decoration: none;\" href=\"https:\/\/www.instagram.com\/p\/BfzZiv-Agmx\/\" target=\"_blank\" rel=\"noopener noreferrer\">Une publication partag\u00e9e par m a c a (@hey.maca)<\/a> le <time style=\"font-family: Arial,sans-serif; font-size: 14px; line-height: 17px;\" datetime=\"2018-03-02T01:53:56+00:00\">1 Mars 2018 \u00e0 5\u00a0:53 PST<\/time><\/p>\n<\/div>\n<\/blockquote>\n<p><script async defer src=\"\/\/www.instagram.com\/embed.js\"><\/script><br \/>\nMaca est une maman de 2 enfants, blogueuse et constamment \u00e0 la recherche de belles choses color\u00e9es qui l&#8217;inspirent. Cette montr\u00e9alaise a pour mission de nous en mettre plein la vue avec ses concepts remplis de couleurs, que ce soit avec des v\u00eatements, de la nourriture ou des murs remplis de graffitis!<\/p>\n<h3 id=\"3-tovogueorburst\">3. @tovogueorburst<\/h3>\n<blockquote class=\"instagram-media\" style=\"background: #FFF; border: 0; border-radius: 3px; box-shadow: 0 0 1px 0 rgba(0,0,0,0.5),0 1px 10px 0 rgba(0,0,0,0.15); margin: 1px; max-width: 658px; padding: 0; width: calc(100% - 2px);\" data-instgrm-permalink=\"https:\/\/www.instagram.com\/p\/Bgfawbfhoy5\/\" data-instgrm-version=\"8\">\n<div style=\"padding: 8px;\">\n<div style=\"background: #F8F8F8; line-height: 0; margin-top: 40px; padding: 62.5% 0; text-align: center; width: 100%;\"><\/div>\n<p style=\"color: #c9c8cd; font-family: Arial,sans-serif; font-size: 14px; line-height: 17px; margin-bottom: 0; margin-top: 8px; overflow: hidden; padding: 8px 0 7px; text-align: center; text-overflow: ellipsis; white-space: nowrap;\"><a style=\"color: #c9c8cd; font-family: Arial,sans-serif; font-size: 14px; font-style: normal; font-weight: normal; line-height: 17px; text-decoration: none;\" href=\"https:\/\/www.instagram.com\/p\/Bgfawbfhoy5\/\" target=\"_blank\" rel=\"noopener noreferrer\">Une publication partag\u00e9e par Alexandra Grant (@tovogueorbust)<\/a> le <time style=\"font-family: Arial,sans-serif; font-size: 14px; line-height: 17px;\" datetime=\"2018-03-19T04:11:07+00:00\">18 Mars 2018 \u00e0 9\u00a0:11 PDT<\/time><\/p>\n<\/div>\n<\/blockquote>\n<p><script async defer src=\"\/\/www.instagram.com\/embed.js\"><\/script><br \/>\nSi vous \u00eates moins couleurs intenses et plus couleurs douces, vous serez servis avec l&#8217;Instagram d&#8217;Alexandra Grant, qui vit \u00e0 Vancouver. Elle nous propose des teintes douces comme des bleus, lilas, blancs et un peu de rose. Elle voyage beaucoup et nous am\u00e8ne avec elle visiter et voir de\u00a0magnifiques paysages!<\/p>\n<h3 id=\"4-colormecourtney\">4. @colormecourtney<\/h3>\n<blockquote class=\"instagram-media\" style=\"background: #FFF; border: 0; border-radius: 3px; box-shadow: 0 0 1px 0 rgba(0,0,0,0.5),0 1px 10px 0 rgba(0,0,0,0.15); margin: 1px; max-width: 658px; padding: 0; width: calc(100% - 2px);\" data-instgrm-permalink=\"https:\/\/www.instagram.com\/p\/Bfx4xE1B_4D\/\" data-instgrm-version=\"8\">\n<div style=\"padding: 8px;\">\n<div style=\"background: #F8F8F8; line-height: 0; margin-top: 40px; padding: 62.5% 0; text-align: center; width: 100%;\"><\/div>\n<p style=\"color: #c9c8cd; font-family: Arial,sans-serif; font-size: 14px; line-height: 17px; margin-bottom: 0; margin-top: 8px; overflow: hidden; padding: 8px 0 7px; text-align: center; text-overflow: ellipsis; white-space: nowrap;\"><a style=\"color: #c9c8cd; font-family: Arial,sans-serif; font-size: 14px; font-style: normal; font-weight: normal; line-height: 17px; text-decoration: none;\" href=\"https:\/\/www.instagram.com\/p\/Bfx4xE1B_4D\/\" target=\"_blank\" rel=\"noopener noreferrer\">Une publication partag\u00e9e par Color Me Courtney ???? (@colormecourtney)<\/a> le <time style=\"font-family: Arial,sans-serif; font-size: 14px; line-height: 17px;\" datetime=\"2018-03-01T11:48:17+00:00\">1 Mars 2018 \u00e0 3\u00a0:48 PST<\/time><\/p>\n<\/div>\n<\/blockquote>\n<p><script async defer src=\"\/\/www.instagram.com\/embed.js\"><\/script><br \/>\nCourtney est une new-yorkaise qui s&#8217;est proclam\u00e9 la reine des couleurs. Elle est l\u00e0 pour c\u00e9l\u00e9brer les courbes, les cheveux boucl\u00e9s et la confiance en soi, tout cela avec des photos digne d&#8217;un arc-en-ciel! Elle vous en mettra plein la vue avec ses concepts hauts en couleurs!<\/p>\n<h3 id=\"5-my-miaou\">5. @my.miaou<\/h3>\n<blockquote class=\"instagram-media\" style=\"background: #FFF; border: 0; border-radius: 3px; box-shadow: 0 0 1px 0 rgba(0,0,0,0.5),0 1px 10px 0 rgba(0,0,0,0.15); margin: 1px; max-width: 658px; padding: 0; width: calc(100% - 2px);\" data-instgrm-permalink=\"https:\/\/www.instagram.com\/p\/Bg6U0KJBRut\/\" data-instgrm-version=\"8\">\n<div style=\"padding: 8px;\">\n<div style=\"background: #F8F8F8; line-height: 0; margin-top: 40px; padding: 62.5% 0; text-align: center; width: 100%;\"><\/div>\n<p style=\"color: #c9c8cd; font-family: Arial,sans-serif; font-size: 14px; line-height: 17px; margin-bottom: 0; margin-top: 8px; overflow: hidden; padding: 8px 0 7px; text-align: center; text-overflow: ellipsis; white-space: nowrap;\"><a style=\"color: #c9c8cd; font-family: Arial,sans-serif; font-size: 14px; font-style: normal; font-weight: normal; line-height: 17px; text-decoration: none;\" href=\"https:\/\/www.instagram.com\/p\/Bg6U0KJBRut\/\" target=\"_blank\" rel=\"noopener noreferrer\">Une publication partag\u00e9e par Sabrina Stavenjord (@my.miaou)<\/a> le <time style=\"font-family: Arial,sans-serif; font-size: 14px; line-height: 17px;\" datetime=\"2018-03-29T14:58:42+00:00\">29 Mars 2018 \u00e0 7\u00a0:58 PDT<\/time><\/p>\n<\/div>\n<\/blockquote>\n<p><script async defer src=\"\/\/www.instagram.com\/embed.js\"><\/script><br \/>\nSabrina Stavenjord est une blogueuse de Toronto qui adore cuisiner. Elle nous partage plusieurs de ses recettes et surtout les r\u00e9sultats finaux dans son Instagram. Le rose p\u00e2le est \u00e0 l&#8217;honneur avec quelques petites touches d&#8217;autres couleurs. La nourriture pr\u00e9sent\u00e9e donne l&#8217;eau \u00e0 la bouche et ses concepts nous en mettent plein la vue!<\/p>\n<h3 id=\"6-aww-sam\">6. @aww.sam<\/h3>\n<blockquote class=\"instagram-media\" style=\"background: #FFF; border: 0; border-radius: 3px; box-shadow: 0 0 1px 0 rgba(0,0,0,0.5),0 1px 10px 0 rgba(0,0,0,0.15); margin: 1px; max-width: 658px; padding: 0; width: calc(100% - 2px);\" data-instgrm-permalink=\"https:\/\/www.instagram.com\/p\/Bg_oCtOli8W\/\" data-instgrm-version=\"8\">\n<div style=\"padding: 8px;\">\n<div style=\"background: #F8F8F8; line-height: 0; margin-top: 40px; padding: 62.5% 0; text-align: center; width: 100%;\"><\/div>\n<p style=\"color: #c9c8cd; font-family: Arial,sans-serif; font-size: 14px; line-height: 17px; margin-bottom: 0; margin-top: 8px; overflow: hidden; padding: 8px 0 7px; text-align: center; text-overflow: ellipsis; white-space: nowrap;\"><a style=\"color: #c9c8cd; font-family: Arial,sans-serif; font-size: 14px; font-style: normal; font-weight: normal; line-height: 17px; text-decoration: none;\" href=\"https:\/\/www.instagram.com\/p\/Bg_oCtOli8W\/\" target=\"_blank\" rel=\"noopener noreferrer\">Une publication partag\u00e9e par Sam Ushiro (@aww.sam)<\/a> le <time style=\"font-family: Arial,sans-serif; font-size: 14px; line-height: 17px;\" datetime=\"2018-03-31T16:22:54+00:00\">31 Mars 2018 \u00e0 9\u00a0:22 PDT<\/time><\/p>\n<\/div>\n<\/blockquote>\n<p><script async defer src=\"\/\/www.instagram.com\/embed.js\"><\/script><br \/>\nPour des concepts \u00e9clat\u00e9s remplis de couleurs, Sam Ushiro est la reine. Son Instagram est un vrai arc-en-ciel rempli de concepts amusants et rigolos. Elle n&#8217;a pas peur de m\u00e9langer les motifs et les couleurs, elle ose et on adore! Cette new-yorkaise sait exactement ce qu&#8217;elle fait et elle nous donne envie de vivre dans son univers multicolore.<\/p>\n<h3 id=\"7-designmehair\">7. @designmehair<\/h3>\n<blockquote class=\"instagram-media\" style=\"background: #FFF; border: 0; border-radius: 3px; box-shadow: 0 0 1px 0 rgba(0,0,0,0.5),0 1px 10px 0 rgba(0,0,0,0.15); margin: 1px; max-width: 658px; padding: 0; width: calc(100% - 2px);\" data-instgrm-permalink=\"https:\/\/www.instagram.com\/p\/Bgob8wCj9hA\/\" data-instgrm-version=\"8\">\n<div style=\"padding: 8px;\">\n<div style=\"background: #F8F8F8; line-height: 0; margin-top: 40px; padding: 53.70370370370371% 0; text-align: center; width: 100%;\"><\/div>\n<p style=\"color: #c9c8cd; font-family: Arial,sans-serif; font-size: 14px; line-height: 17px; margin-bottom: 0; margin-top: 8px; overflow: hidden; padding: 8px 0 7px; text-align: center; text-overflow: ellipsis; white-space: nowrap;\"><a style=\"color: #c9c8cd; font-family: Arial,sans-serif; font-size: 14px; font-style: normal; font-weight: normal; line-height: 17px; text-decoration: none;\" href=\"https:\/\/www.instagram.com\/p\/Bgob8wCj9hA\/\" target=\"_blank\" rel=\"noopener noreferrer\">Une publication partag\u00e9e par DESIGN.ME \u2022 hair products (@designmehair)<\/a> le <time style=\"font-family: Arial,sans-serif; font-size: 14px; line-height: 17px;\" datetime=\"2018-03-22T16:14:42+00:00\">22 Mars 2018 \u00e0 9\u00a0:14 PDT<\/time><\/p>\n<\/div>\n<\/blockquote>\n<p><script async defer src=\"\/\/www.instagram.com\/embed.js\"><\/script><br \/>\nBesoin d&#8217;inspiration pour vos cheveux d&#8217;\u00e9t\u00e9? Le compte Instagram de designmehair est l\u00e0 pour vous! Tout leur contenu est rempli de cheveux pastels, multicolores et de leurs produits au look semblable. Si vous voulez une <em>makeover<\/em>\u00a0estivale, allez y jeter un coup d\u2019\u0153il d\u00e8s que vous pouvez!<\/p>\n<h3 id=\"8-rclayton\">8. @rclayton<\/h3>\n<blockquote class=\"instagram-media\" style=\"background: #FFF; border: 0; border-radius: 3px; box-shadow: 0 0 1px 0 rgba(0,0,0,0.5),0 1px 10px 0 rgba(0,0,0,0.15); margin: 1px; max-width: 658px; padding: 0; width: calc(100% - 2px);\" data-instgrm-permalink=\"https:\/\/www.instagram.com\/p\/BhK-TrSjQfn\/\" data-instgrm-version=\"8\">\n<div style=\"padding: 8px;\">\n<div style=\"background: #F8F8F8; line-height: 0; margin-top: 40px; padding: 62.5% 0; text-align: center; width: 100%;\"><\/div>\n<p style=\"color: #c9c8cd; font-family: Arial,sans-serif; font-size: 14px; line-height: 17px; margin-bottom: 0; margin-top: 8px; overflow: hidden; padding: 8px 0 7px; text-align: center; text-overflow: ellipsis; white-space: nowrap;\"><a style=\"color: #c9c8cd; font-family: Arial,sans-serif; font-size: 14px; font-style: normal; font-weight: normal; line-height: 17px; text-decoration: none;\" href=\"https:\/\/www.instagram.com\/p\/BhK-TrSjQfn\/\" target=\"_blank\" rel=\"noopener noreferrer\">Une publication partag\u00e9e par r o s i e c l a y t o n (@rclayton)<\/a> le <time style=\"font-family: Arial,sans-serif; font-size: 14px; line-height: 17px;\" datetime=\"2018-04-05T02:09:06+00:00\">4 Avril 2018 \u00e0 7\u00a0:09 PDT<\/time><\/p>\n<\/div>\n<\/blockquote>\n<p><script async defer src=\"\/\/www.instagram.com\/embed.js\"><\/script><br \/>\nRosie Clayton est une fille de Chicago qui adore l&#8217;art et la couleur. Ses deux passions viennent ensemble dans son contenu Instagram, elle cherche tous les murs color\u00e9s et remplis de motifs pour faire ses concepts photos. Elle veut conqu\u00e9rir le monde des couleurs un mur \u00e0 la fois!<\/p>\n<h3 id=\"9-tomwindeknecht\">9. @tomwindeknecht<\/h3>\n<blockquote class=\"instagram-media\" style=\"background: #FFF; border: 0; border-radius: 3px; box-shadow: 0 0 1px 0 rgba(0,0,0,0.5),0 1px 10px 0 rgba(0,0,0,0.15); margin: 1px; max-width: 658px; padding: 0; width: calc(100% - 2px);\" data-instgrm-permalink=\"https:\/\/www.instagram.com\/p\/Bfi3-uWghU0\/\" data-instgrm-version=\"8\">\n<div style=\"padding: 8px;\">\n<div style=\"background: #F8F8F8; line-height: 0; margin-top: 40px; padding: 62.5% 0; text-align: center; width: 100%;\"><\/div>\n<p style=\"color: #c9c8cd; font-family: Arial,sans-serif; font-size: 14px; line-height: 17px; margin-bottom: 0; margin-top: 8px; overflow: hidden; padding: 8px 0 7px; text-align: center; text-overflow: ellipsis; white-space: nowrap;\"><a style=\"color: #c9c8cd; font-family: Arial,sans-serif; font-size: 14px; font-style: normal; font-weight: normal; line-height: 17px; text-decoration: none;\" href=\"https:\/\/www.instagram.com\/p\/Bfi3-uWghU0\/\" target=\"_blank\" rel=\"noopener noreferrer\">Une publication partag\u00e9e par Tom Windeknecht ???? (@tomwindeknecht)<\/a> le <time style=\"font-family: Arial,sans-serif; font-size: 14px; line-height: 17px;\" datetime=\"2018-02-23T15:52:48+00:00\">23 F\u00e9vr. 2018 \u00e0 7\u00a0:52 PST<\/time><\/p>\n<\/div>\n<\/blockquote>\n<p><script async defer src=\"\/\/www.instagram.com\/embed.js\"><\/script><br \/>\nOn vous g\u00e2te cette fois-ci avec un homme. Tom est l&#8217;un des rares de la gente masculine \u00e0 autant oser avec la couleur dans ses concepts. Ce Youtubeur nous en met plein la vue avec ses concepts color\u00e9s dans les teintes de bleu et rose. Regardez et\u00a0vous serez \u00e9poustoufl\u00e9es!<\/p>\n<h3 id=\"10-willtravelforpink\">10. @willtravelforpink<\/h3>\n<blockquote class=\"instagram-media\" style=\"background: #FFF; border: 0; border-radius: 3px; box-shadow: 0 0 1px 0 rgba(0,0,0,0.5),0 1px 10px 0 rgba(0,0,0,0.15); margin: 1px; max-width: 658px; padding: 0; width: calc(100% - 2px);\" data-instgrm-permalink=\"https:\/\/www.instagram.com\/p\/Bg6s6i_hPlk\/\" data-instgrm-version=\"8\">\n<div style=\"padding: 8px;\">\n<div style=\"background: #F8F8F8; line-height: 0; margin-top: 40px; padding: 55.27777777777778% 0; text-align: center; width: 100%;\"><\/div>\n<p style=\"color: #c9c8cd; font-family: Arial,sans-serif; font-size: 14px; line-height: 17px; margin-bottom: 0; margin-top: 8px; overflow: hidden; padding: 8px 0 7px; text-align: center; text-overflow: ellipsis; white-space: nowrap;\"><a style=\"color: #c9c8cd; font-family: Arial,sans-serif; font-size: 14px; font-style: normal; font-weight: normal; line-height: 17px; text-decoration: none;\" href=\"https:\/\/www.instagram.com\/p\/Bg6s6i_hPlk\/\" target=\"_blank\" rel=\"noopener noreferrer\">Une publication partag\u00e9e par Will Travel For Pink (@willtravelforpink)<\/a> le <time style=\"font-family: Arial,sans-serif; font-size: 14px; line-height: 17px;\" datetime=\"2018-03-29T18:29:17+00:00\">29 Mars 2018 \u00e0 11\u00a0:29 PDT<\/time><\/p>\n<\/div>\n<\/blockquote>\n<p><script async defer src=\"\/\/www.instagram.com\/embed.js\"><\/script><br \/>\nCe dernier compte\u00a0est cr\u00e9\u00e9 par deux femmes qu&#8217;on vous a pr\u00e9sent\u00e9es plus t\u00f4t, soit @lapetitenoob et @my.miaou. Les deux torontoises veulent faire voir la vie \u00e0 travers des lunettes roses. Ce que vous retrouvez sur ce compte n&#8217;est pas pr\u00e9sent dans\u00a0 leur compte\u00a0 Instragram respectif, il n&#8217;y a donc pas de d\u00e9j\u00e0 vu. Elles prennent leur inspiration de plusieurs comptes \u00e0 travers le monde et nous pr\u00e9sentent leur univers ros\u00e9!<\/p>\n","protected":false},"excerpt":{"rendered":"<div class=\"post-excerpt\">Avec le printemps qui tarde \u00e0 se montrer le bout du nez, on a grand\u00a0besoin de couleur dans notre vie. Instragram est fait pour nous inspirer et ces comptes sont&hellip;<\/div>\n<div class=\"post-more\"><a href=\"https:\/\/divine.ca\/fr\/10-comptes-instagram-colores-a-suivre\/\" class=\"button button-primary button-effect\"><span>Lire l&#039;Article<\/span><span><i class=\"cs-icon cs-icon-arrow-right\"><\/i><\/span><\/a><\/div>\n","protected":false},"author":14,"featured_media":1595886,"comment_status":"open","ping_status":"open","sticky":false,"template":"","format":"standard","meta":{"footnotes":""},"categories":[131,128],"tags":[2378,2154,1611,2844],"powerkit_post_featured":[],"class_list":{"0":"post-1588234","1":"post","2":"type-post","3":"status-publish","4":"format-standard","5":"has-post-thumbnail","7":"category-art-de-vivre","8":"category-mode-fr","9":"tag-art","10":"tag-couleurs","11":"tag-photographie","12":"tag-voyages"},"_links":{"self":[{"href":"https:\/\/divine.ca\/fr\/wp-json\/wp\/v2\/posts\/1588234","targetHints":{"allow":["GET"]}}],"collection":[{"href":"https:\/\/divine.ca\/fr\/wp-json\/wp\/v2\/posts"}],"about":[{"href":"https:\/\/divine.ca\/fr\/wp-json\/wp\/v2\/types\/post"}],"author":[{"embeddable":true,"href":"https:\/\/divine.ca\/fr\/wp-json\/wp\/v2\/users\/14"}],"replies":[{"embeddable":true,"href":"https:\/\/divine.ca\/fr\/wp-json\/wp\/v2\/comments?post=1588234"}],"version-history":[{"count":0,"href":"https:\/\/divine.ca\/fr\/wp-json\/wp\/v2\/posts\/1588234\/revisions"}],"wp:featuredmedia":[{"embeddable":true,"href":"https:\/\/divine.ca\/fr\/wp-json\/wp\/v2\/media\/1595886"}],"wp:attachment":[{"href":"https:\/\/divine.ca\/fr\/wp-json\/wp\/v2\/media?parent=1588234"}],"wp:term":[{"taxonomy":"category","embeddable":true,"href":"https:\/\/divine.ca\/fr\/wp-json\/wp\/v2\/categories?post=1588234"},{"taxonomy":"post_tag","embeddable":true,"href":"https:\/\/divine.ca\/fr\/wp-json\/wp\/v2\/tags?post=1588234"},{"taxonomy":"powerkit_post_featured","embeddable":true,"href":"https:\/\/divine.ca\/fr\/wp-json\/wp\/v2\/powerkit_post_featured?post=1588234"}],"curies":[{"name":"wp","href":"https:\/\/api.w.org\/{rel}","templated":true}]}}