{"id":1578251,"date":"2020-01-13T12:58:07","date_gmt":"2020-01-13T17:58:07","guid":{"rendered":"https:\/\/divine.ca\/?p=1578251"},"modified":"2020-04-09T14:33:35","modified_gmt":"2020-04-09T18:33:35","slug":"7-tendances-mode-a-se-procurer-immediatement-pour-2020","status":"publish","type":"post","link":"https:\/\/divine.ca\/fr\/7-tendances-mode-a-se-procurer-immediatement-pour-2020\/","title":{"rendered":"7 tendances mode \u00e0 se procurer imm\u00e9diatement pour 2020!"},"content":{"rendered":"<p>La nouvelle ann\u00e9e est souvent associ\u00e9e avec les grandes r\u00e9solutions et les buts \u00e0 atteindre lors des douze prochains mois. Sur une note plus positive, la nouvelle ann\u00e9e est \u00e9galement synonyme de nouvelles tendances mode \u00e0 adopter! Nous vous pr\u00e9sentons aujourd\u2019hui nos 7 tendances favorites pour 2020. Voici!<\/p>\n<p>&nbsp;<\/p>\n<p><strong>Les cardigans courts<\/strong><\/p>\n<p>Une tendance si facile et confortable \u00e0 porter, c\u2019est oui ! Les petits cardigans courts sont si faciles \u00e0 agencer avec des v\u00eatements que vous poss\u00e9dez d\u00e9j\u00e0, comme un jean taille haute, un collier \u00e0 plusieurs \u00e9tages ainsi qu\u2019une belle ceinture et le tour est jou\u00e9. Pour pouvoir porter cette tendance tout au long de l\u2019hiver, il est \u00e9galement possible de porter le cardigan par-dessus un col roul\u00e9 pour un confort suppl\u00e9mentaire.<\/p>\n<p><img loading=\"lazy\" decoding=\"async\" class=\"alignnone size-medium wp-image-1578253\" src=\"https:\/\/divine.ca\/wp-content\/uploads\/2020\/01\/cardigan_aritzia-1-800x1092.jpg\" alt=\"\" width=\"800\" height=\"1092\" srcset=\"https:\/\/divine.ca\/wp-content\/uploads\/2020\/01\/cardigan_aritzia-1-800x1092.jpg 800w, https:\/\/divine.ca\/wp-content\/uploads\/2020\/01\/cardigan_aritzia-1-320x437.jpg 320w, https:\/\/divine.ca\/wp-content\/uploads\/2020\/01\/cardigan_aritzia-1-560x765.jpg 560w, https:\/\/divine.ca\/wp-content\/uploads\/2020\/01\/cardigan_aritzia-1.jpg 840w\" sizes=\"auto, (max-width: 800px) 100vw, 800px\" \/><\/p>\n<p>Cardigan beige <a href=\"https:\/\/www.aritzia.com\/\" target=\"_blank\" rel=\"noopener noreferrer\">Aritzia<\/a><\/p>\n<p><img loading=\"lazy\" decoding=\"async\" class=\"alignnone size-full wp-image-1578254\" src=\"https:\/\/divine.ca\/wp-content\/uploads\/2020\/01\/cardigan_Pinterest.jpg\" alt=\"\" width=\"473\" height=\"608\" srcset=\"https:\/\/divine.ca\/wp-content\/uploads\/2020\/01\/cardigan_Pinterest.jpg 473w, https:\/\/divine.ca\/wp-content\/uploads\/2020\/01\/cardigan_Pinterest-320x411.jpg 320w\" sizes=\"auto, (max-width: 473px) 100vw, 473px\" \/><\/p>\n<p>&nbsp;<\/p>\n<p><strong>Les petits sacs rectangulaires<\/strong><\/p>\n<p>Les petits sacs qui se portent sous le bras ont fait fureur \u00e0 la fin de l\u2019ann\u00e9e 2019 et nous sommes heureuses de voir qu\u2019ils seront toujours tendance pour 2020. Ces petits sacs donnent tellement de personnalit\u00e9 \u00e0 n\u2019importe quel ensemble. Qu\u2019ils soient agenc\u00e9s avec un ensemble tr\u00e8s <em>casual<\/em> ou bien avec un <em>oversized blazer<\/em>, ils sont tr\u00e8s versatiles et styl\u00e9s. C\u2019est l\u2019accessoire parfait pour donner un pop de couleur ou m\u00eame oser un motif animal.<\/p>\n<p><img loading=\"lazy\" decoding=\"async\" class=\"alignnone size-medium wp-image-1578262\" src=\"https:\/\/divine.ca\/wp-content\/uploads\/2020\/01\/sqaure-sholder-bag_aldo72-800x800.jpg\" alt=\"\" width=\"800\" height=\"800\" srcset=\"https:\/\/divine.ca\/wp-content\/uploads\/2020\/01\/sqaure-sholder-bag_aldo72.jpg 800w, https:\/\/divine.ca\/wp-content\/uploads\/2020\/01\/sqaure-sholder-bag_aldo72-80x80.jpg 80w, https:\/\/divine.ca\/wp-content\/uploads\/2020\/01\/sqaure-sholder-bag_aldo72-320x320.jpg 320w, https:\/\/divine.ca\/wp-content\/uploads\/2020\/01\/sqaure-sholder-bag_aldo72-560x560.jpg 560w, https:\/\/divine.ca\/wp-content\/uploads\/2020\/01\/sqaure-sholder-bag_aldo72-90x90.jpg 90w\" sizes=\"auto, (max-width: 800px) 100vw, 800px\" \/><\/p>\n<p>Sac rectangulaire \u00e0 motif serpent <a href=\"https:\/\/www.aldoshoes.com\/ca\/fr\" target=\"_blank\" rel=\"noopener noreferrer\">Aldo<\/a><\/p>\n<p><img loading=\"lazy\" decoding=\"async\" class=\"alignnone size-full wp-image-1578261\" src=\"https:\/\/divine.ca\/wp-content\/uploads\/2020\/01\/sqare-shoulder-bag_Pinterest.jpg\" alt=\"\" width=\"513\" height=\"655\" srcset=\"https:\/\/divine.ca\/wp-content\/uploads\/2020\/01\/sqare-shoulder-bag_Pinterest.jpg 513w, https:\/\/divine.ca\/wp-content\/uploads\/2020\/01\/sqare-shoulder-bag_Pinterest-320x409.jpg 320w\" sizes=\"auto, (max-width: 513px) 100vw, 513px\" \/><\/p>\n<p>&nbsp;<\/p>\n<p><strong>Les manches\u00a0<\/strong><b>bouffantes<\/b><\/p>\n<p>\u00c9l\u00e9gants et f\u00e9minins, les hauts \u00e0 manches \u2018\u2019puff\u2019\u2019 nous sortent de notre zone de confort. Ils ont fait leurs apparitions au printemps 2019, mais sont d\u00e9finitivement l\u00e0 pour rester. Les manches surdimensionn\u00e9es vont sans aucun doute apporter une texture int\u00e9ressante \u00e0 votre ensemble, donc vous pourrez opter pour un pantalon ou une jupe plus simple et neutre. Le jeu de transparence des manches sera un <em>mus<\/em>t pour le printemps et l\u2019\u00e9t\u00e9.<\/p>\n<p><img loading=\"lazy\" decoding=\"async\" class=\"alignnone size-medium wp-image-1578259\" src=\"https:\/\/divine.ca\/wp-content\/uploads\/2020\/01\/puff-sleeve_zara72-800x1200.jpg\" alt=\"\" width=\"800\" height=\"1200\" srcset=\"https:\/\/divine.ca\/wp-content\/uploads\/2020\/01\/puff-sleeve_zara72-800x1200.jpg 800w, https:\/\/divine.ca\/wp-content\/uploads\/2020\/01\/puff-sleeve_zara72-320x480.jpg 320w, https:\/\/divine.ca\/wp-content\/uploads\/2020\/01\/puff-sleeve_zara72-560x840.jpg 560w, https:\/\/divine.ca\/wp-content\/uploads\/2020\/01\/puff-sleeve_zara72.jpg 1024w\" sizes=\"auto, (max-width: 800px) 100vw, 800px\" \/><\/p>\n<p>Haut \u00e0 manche 3\/4 <a href=\"https:\/\/www.zara.com\/ca\/fr\/\" target=\"_blank\" rel=\"noopener noreferrer\">Zara<\/a><\/p>\n<p><img loading=\"lazy\" decoding=\"async\" class=\"alignnone size-medium wp-image-1578260\" src=\"https:\/\/divine.ca\/wp-content\/uploads\/2020\/01\/puffer-sleeve_pinterest.jpg\" alt=\"\" width=\"564\" height=\"752\" srcset=\"https:\/\/divine.ca\/wp-content\/uploads\/2020\/01\/puffer-sleeve_pinterest.jpg 564w, https:\/\/divine.ca\/wp-content\/uploads\/2020\/01\/puffer-sleeve_pinterest-320x427.jpg 320w, https:\/\/divine.ca\/wp-content\/uploads\/2020\/01\/puffer-sleeve_pinterest-560x747.jpg 560w\" sizes=\"auto, (max-width: 564px) 100vw, 564px\" \/><\/p>\n<p>&nbsp;<\/p>\n<p><strong>Le motif \u00e0 pois<\/strong><\/p>\n<p>2019 \u00e9tait l\u2019ann\u00e9e du motif l\u00e9opard, 2020 sera donc l\u2019ann\u00e9e du motif \u00e0 pois. C\u2019est le motif qu\u2019on retrouvera sur tous les v\u00eatements ; de la blouse \u00e0 la jupe, en passant par la robe et m\u00eame les accessoires. Pour les <em>fashionistas<\/em> plus audacieuses, il est int\u00e9ressant de m\u00e9langer les diff\u00e9rents motifs, comme les rayures et les fleurs avec les <em>polka dots.<\/em><\/p>\n<p><img loading=\"lazy\" decoding=\"async\" class=\"alignnone size-medium wp-image-1578257\" src=\"https:\/\/divine.ca\/wp-content\/uploads\/2020\/01\/polka-dots_aritzia-800x1092.jpg\" alt=\"\" width=\"800\" height=\"1092\" srcset=\"https:\/\/divine.ca\/wp-content\/uploads\/2020\/01\/polka-dots_aritzia-800x1092.jpg 800w, https:\/\/divine.ca\/wp-content\/uploads\/2020\/01\/polka-dots_aritzia-320x437.jpg 320w, https:\/\/divine.ca\/wp-content\/uploads\/2020\/01\/polka-dots_aritzia-560x765.jpg 560w, https:\/\/divine.ca\/wp-content\/uploads\/2020\/01\/polka-dots_aritzia.jpg 840w\" sizes=\"auto, (max-width: 800px) 100vw, 800px\" \/><\/p>\n<p>Robe \u00e0 pois <a href=\"https:\/\/www.aritzia.com\/\" target=\"_blank\" rel=\"noopener noreferrer\">Aritzia<\/a><\/p>\n<p><img loading=\"lazy\" decoding=\"async\" class=\"alignnone size-full wp-image-1578258\" src=\"https:\/\/divine.ca\/wp-content\/uploads\/2020\/01\/polka-dots_pinterest.jpg\" alt=\"\" width=\"564\" height=\"844\" srcset=\"https:\/\/divine.ca\/wp-content\/uploads\/2020\/01\/polka-dots_pinterest.jpg 564w, https:\/\/divine.ca\/wp-content\/uploads\/2020\/01\/polka-dots_pinterest-320x479.jpg 320w, https:\/\/divine.ca\/wp-content\/uploads\/2020\/01\/polka-dots_pinterest-560x838.jpg 560w\" sizes=\"auto, (max-width: 564px) 100vw, 564px\" \/><\/p>\n<p>&nbsp;<\/p>\n<p><strong>Les boucles d\u2019oreilles anneaux<\/strong><\/p>\n<p>Nous sommes toutes famili\u00e8res avec les boucles d\u2019oreilles en anneaux classiques, mais cette ann\u00e9e, on fait place aux anneaux de toutes les formes et de toutes les grandeurs. Qu\u2019elles soient torsad\u00e9es, avec des perles, accompagn\u00e9es de pendentifs ou m\u00eame de forme asym\u00e9trique, les boucles d\u2019oreilles anneaux ajoutent une touche de style et compl\u00e8tent bien votre look de tous les jours. Il est aussi tr\u00e8s tendance de porter plus d\u2019un anneau par oreille, si vous en avez la possibilit\u00e9.<\/p>\n<p><img loading=\"lazy\" decoding=\"async\" class=\"alignnone size-full wp-image-1578255\" src=\"https:\/\/divine.ca\/wp-content\/uploads\/2020\/01\/hoop_horace72.jpg\" alt=\"\" width=\"458\" height=\"463\" srcset=\"https:\/\/divine.ca\/wp-content\/uploads\/2020\/01\/hoop_horace72.jpg 458w, https:\/\/divine.ca\/wp-content\/uploads\/2020\/01\/hoop_horace72-80x80.jpg 80w, https:\/\/divine.ca\/wp-content\/uploads\/2020\/01\/hoop_horace72-320x323.jpg 320w, https:\/\/divine.ca\/wp-content\/uploads\/2020\/01\/hoop_horace72-90x90.jpg 90w\" sizes=\"auto, (max-width: 458px) 100vw, 458px\" \/><\/p>\n<p>Boucle d&#8217;oreille anneau <a href=\"https:\/\/horacejewelry.com\/\" target=\"_blank\" rel=\"noopener noreferrer\">Horace<\/a><\/p>\n<p><img loading=\"lazy\" decoding=\"async\" class=\"alignnone size-full wp-image-1578256\" src=\"https:\/\/divine.ca\/wp-content\/uploads\/2020\/01\/hoops_pinterest.jpg\" alt=\"\" width=\"564\" height=\"564\" srcset=\"https:\/\/divine.ca\/wp-content\/uploads\/2020\/01\/hoops_pinterest.jpg 564w, https:\/\/divine.ca\/wp-content\/uploads\/2020\/01\/hoops_pinterest-80x80.jpg 80w, https:\/\/divine.ca\/wp-content\/uploads\/2020\/01\/hoops_pinterest-320x320.jpg 320w, https:\/\/divine.ca\/wp-content\/uploads\/2020\/01\/hoops_pinterest-560x560.jpg 560w, https:\/\/divine.ca\/wp-content\/uploads\/2020\/01\/hoops_pinterest-90x90.jpg 90w\" sizes=\"auto, (max-width: 564px) 100vw, 564px\" \/><\/p>\n<p>&nbsp;<\/p>\n<p><strong>Les sandales \u00e0 bouts carr\u00e9s<\/strong><\/p>\n<p>On se transporte aux doux mois d\u2019\u00e9t\u00e9 pour la prochaine tendance mode. On laisse les sandales mules en 2019 pour se procurer des sandales d\u00e9licates et minimalistes \u00e0 bouts carr\u00e9s. Ces jolies sandales peuvent aussi bien \u00eatre port\u00e9es avec une robe ou une jupe pour un look plus \u00e9l\u00e9gant, mais tout autant \u00eatre agenc\u00e9es avec un jean coupe droite. Tout comme pour le petit sac rectangulaire, c\u2019est l\u2019accessoire id\u00e9al pour ajouter une touche de couleur \u00e0 un ensemble plus neutre.<\/p>\n<p><img loading=\"lazy\" decoding=\"async\" class=\"alignnone size-medium wp-image-1578264\" src=\"https:\/\/divine.ca\/wp-content\/uploads\/2020\/01\/square-toe_zara72.jpg\" alt=\"\" width=\"373\" height=\"503\" srcset=\"https:\/\/divine.ca\/wp-content\/uploads\/2020\/01\/square-toe_zara72.jpg 373w, https:\/\/divine.ca\/wp-content\/uploads\/2020\/01\/square-toe_zara72-320x432.jpg 320w\" sizes=\"auto, (max-width: 373px) 100vw, 373px\" \/><\/p>\n<p>Sandales noires <a href=\"https:\/\/www.zara.com\/ca\/fr\/\" target=\"_blank\" rel=\"noopener noreferrer\">Zara<\/a><\/p>\n<p><img loading=\"lazy\" decoding=\"async\" class=\"alignnone size-full wp-image-1578263\" src=\"https:\/\/divine.ca\/wp-content\/uploads\/2020\/01\/square-toe_pinterest.jpg\" alt=\"\" width=\"564\" height=\"564\" srcset=\"https:\/\/divine.ca\/wp-content\/uploads\/2020\/01\/square-toe_pinterest.jpg 564w, https:\/\/divine.ca\/wp-content\/uploads\/2020\/01\/square-toe_pinterest-80x80.jpg 80w, https:\/\/divine.ca\/wp-content\/uploads\/2020\/01\/square-toe_pinterest-320x320.jpg 320w, https:\/\/divine.ca\/wp-content\/uploads\/2020\/01\/square-toe_pinterest-560x560.jpg 560w, https:\/\/divine.ca\/wp-content\/uploads\/2020\/01\/square-toe_pinterest-90x90.jpg 90w\" sizes=\"auto, (max-width: 564px) 100vw, 564px\" \/><\/p>\n<p>&nbsp;<\/p>\n<p><strong>Blouses d&#8217;\u00e9t\u00e9<\/strong><\/p>\n<p>Les blouses l\u00e9g\u00e8res seront assur\u00e9ment un essentiel cet \u00e9t\u00e9. Parfaites pour la vie de tous les jours autant que pour les festivals, les petites blouses sont confortables sans toutefois n\u00e9gliger le look f\u00e9minin et boh\u00e9mien. Cette ann\u00e9e, on met l\u2019accent sur les petits d\u00e9tails, comme sur la coupe des manches, les mat\u00e9riaux satin\u00e9s et les diff\u00e9rentes mani\u00e8res d\u2019attacher la blouse.<\/p>\n<p><img loading=\"lazy\" decoding=\"async\" class=\"alignnone size-full wp-image-1578265\" src=\"https:\/\/divine.ca\/wp-content\/uploads\/2020\/01\/summer-blouse_Urban-outfitters.jpg\" alt=\"\" width=\"600\" height=\"900\" srcset=\"https:\/\/divine.ca\/wp-content\/uploads\/2020\/01\/summer-blouse_Urban-outfitters.jpg 600w, https:\/\/divine.ca\/wp-content\/uploads\/2020\/01\/summer-blouse_Urban-outfitters-320x480.jpg 320w, https:\/\/divine.ca\/wp-content\/uploads\/2020\/01\/summer-blouse_Urban-outfitters-560x840.jpg 560w\" sizes=\"auto, (max-width: 600px) 100vw, 600px\" \/><\/p>\n<p>Blouse olive <a href=\"https:\/\/www.urbanoutfitters.com\/fr-ca\/\" target=\"_blank\" rel=\"noopener noreferrer\">Urban Outfitters<\/a><\/p>\n<p><img loading=\"lazy\" decoding=\"async\" class=\"alignnone size-full wp-image-1578266\" src=\"https:\/\/divine.ca\/wp-content\/uploads\/2020\/01\/summer-blouse_pinterest.jpg\" alt=\"\" width=\"564\" height=\"705\" srcset=\"https:\/\/divine.ca\/wp-content\/uploads\/2020\/01\/summer-blouse_pinterest.jpg 564w, https:\/\/divine.ca\/wp-content\/uploads\/2020\/01\/summer-blouse_pinterest-320x400.jpg 320w, https:\/\/divine.ca\/wp-content\/uploads\/2020\/01\/summer-blouse_pinterest-560x700.jpg 560w\" sizes=\"auto, (max-width: 564px) 100vw, 564px\" \/><\/p>\n<p>&nbsp;<\/p>\n<p>Laquelle de ces tendances est votre favorite?<\/p>\n","protected":false},"excerpt":{"rendered":"<div class=\"post-excerpt\">La nouvelle ann\u00e9e est souvent associ\u00e9e avec les grandes r\u00e9solutions et les buts \u00e0 atteindre lors des douze prochains mois. Sur une note plus positive, la nouvelle ann\u00e9e est \u00e9galement&hellip;<\/div>\n<div class=\"post-more\"><a href=\"https:\/\/divine.ca\/fr\/7-tendances-mode-a-se-procurer-immediatement-pour-2020\/\" class=\"button button-primary button-effect\"><span>Lire l&#039;Article<\/span><span><i class=\"cs-icon cs-icon-arrow-right\"><\/i><\/span><\/a><\/div>\n","protected":false},"author":82,"featured_media":1578265,"comment_status":"closed","ping_status":"open","sticky":false,"template":"","format":"standard","meta":{"footnotes":""},"categories":[128],"tags":[],"powerkit_post_featured":[4],"class_list":{"0":"post-1578251","1":"post","2":"type-post","3":"status-publish","4":"format-standard","5":"has-post-thumbnail","7":"category-mode-fr"},"_links":{"self":[{"href":"https:\/\/divine.ca\/fr\/wp-json\/wp\/v2\/posts\/1578251","targetHints":{"allow":["GET"]}}],"collection":[{"href":"https:\/\/divine.ca\/fr\/wp-json\/wp\/v2\/posts"}],"about":[{"href":"https:\/\/divine.ca\/fr\/wp-json\/wp\/v2\/types\/post"}],"author":[{"embeddable":true,"href":"https:\/\/divine.ca\/fr\/wp-json\/wp\/v2\/users\/82"}],"replies":[{"embeddable":true,"href":"https:\/\/divine.ca\/fr\/wp-json\/wp\/v2\/comments?post=1578251"}],"version-history":[{"count":0,"href":"https:\/\/divine.ca\/fr\/wp-json\/wp\/v2\/posts\/1578251\/revisions"}],"wp:featuredmedia":[{"embeddable":true,"href":"https:\/\/divine.ca\/fr\/wp-json\/wp\/v2\/media\/1578265"}],"wp:attachment":[{"href":"https:\/\/divine.ca\/fr\/wp-json\/wp\/v2\/media?parent=1578251"}],"wp:term":[{"taxonomy":"category","embeddable":true,"href":"https:\/\/divine.ca\/fr\/wp-json\/wp\/v2\/categories?post=1578251"},{"taxonomy":"post_tag","embeddable":true,"href":"https:\/\/divine.ca\/fr\/wp-json\/wp\/v2\/tags?post=1578251"},{"taxonomy":"powerkit_post_featured","embeddable":true,"href":"https:\/\/divine.ca\/fr\/wp-json\/wp\/v2\/powerkit_post_featured?post=1578251"}],"curies":[{"name":"wp","href":"https:\/\/api.w.org\/{rel}","templated":true}]}}